{"id":1929,"date":"2022-08-02T19:27:04","date_gmt":"2022-08-02T19:27:04","guid":{"rendered":"https:\/\/translationoffice.rs\/?p=1929"},"modified":"2023-12-24T21:54:07","modified_gmt":"2023-12-24T21:54:07","slug":"upotreba-konjunktiva-u-zavisnim-recenicama","status":"publish","type":"post","link":"https:\/\/translationoffice.rs\/it\/upotreba-konjunktiva-u-zavisnim-recenicama\/","title":{"rendered":"Upotreba konjunktiva u zavisnim re\u010denicama"},"content":{"rendered":"<p class=\"wp-block-paragraph\">Dragi na\u0161i, ovim \u010dlankom nadovezujemo se na prvi \u010dlanak o konjunktivu. Nastavljamo sa predstavljanjem zavisnih re\u010denica u kojima je obavezan konjunktiv uz odre\u0111ene veznike. Podseti\u0107emo vas da pojedini veznici zahtevaju konjunktiv u namernim, dopusnim, uzro\u010dnim (odre\u0111eni slu\u010dajevi), isklju\u010dnim, vremenskim, kondicionalnim i relativnim re\u010denicama (iza superlativa kod relativnih). U prvom \u010dlanku \/<a href=\"https:\/\/translationoffice.rs\/it\/konjunktiv-u-italijanskom-jeziku\/\">https:\/\/translationoffice.rs\/konjunktiv-u-italijanskom-jeziku\/<\/a> predstavili smo namerne i dopusne re\u010denice. Sada idemo dalje.<\/p>\n\n\n\n<h3 class=\"wp-block-heading\"><strong>Kondicionalne re\u010denice (Proposizioni condizionali)<\/strong><\/h3>\n\n\n\n<p>Kondicionalne re\u010denice izra\u017eavaju \u010dinjenicu ili situaciju (hipotezu) od koje zavisi da li \u0107e se dogoditi ili ne ono \u0161to je iskazano u glavnoj re\u010denici. Veznici koji uvode konjunktiv: qualora, purch\u00e9, a patto che, a condizione che, nel caso che, kao i veznik se koji je naj\u010de\u0161\u0107i u uslovnoj re\u010denici u hipoteti\u010dkom periodu (a posle koga mo\u017ee do\u0107i i indikativ- detaljnije o hipoteti\u010dkom periodu na <a href=\"https:\/\/translationoffice.rs\/it\/hipoteticki-period-je-vazan-deo-gramatike-italijanskog-jezika-uci-se-na-visim-nivoima\/\">https:\/\/translationoffice.rs\/hipoteticki-period-je-vazan-deo-gramatike-italijanskog-jezika-uci-se-na-visim-nivoima\/<\/a>).\n\n\n\n<p class=\"wp-block-paragraph\">Puoi andare a giocare,<strong> purch\u00e9 <\/strong>tu abbia fatto i compiti.<\/p>\n\n\n\n<p class=\"wp-block-paragraph\"><strong>A patto che <\/strong>io potessi, andrei a Roma a visitare i monumenti famosi.<\/p>\n\n\n\n<p class=\"wp-block-paragraph\">Ti dico la verit\u00e0<strong> a condizione che <\/strong>tu non ti arrabbi.<\/p>\n\n\n\n<p class=\"wp-block-paragraph\"><strong>Se<\/strong>&nbsp;piovesse&nbsp;non uscirei.<\/p>\n\n\n\n<p class=\"wp-block-paragraph\">Ove re\u010denice mogu biti i implicitne odnosno mogu imati isti subjekat kao i glavna re\u010denica i u tom slu\u010daju uvode infinitive slede\u0107im veznicima: <strong>a patto di, a condizione di + infinitiv<\/strong>.<\/p>\n\n\n\n<p class=\"wp-block-paragraph\"><strong>&nbsp;<\/strong>Lavoro<strong> a condizione di <\/strong>ricevere un buon compenso.<\/p>\n\n\n\n<h3 class=\"wp-block-heading\">Posledi\u010dne re\u010denice (Proposizioni consecutive)<\/h3>\n\n\n\n<div class=\"wp-block-columns is-layout-flex wp-container-core-columns-is-layout-7387b849 wp-block-columns-is-layout-flex\">\n<div class=\"wp-block-column is-layout-flow wp-block-column-is-layout-flow\" style=\"flex-basis:100%\">\n<figure class=\"wp-block-image alignleft size-full\"><img loading=\"lazy\" decoding=\"async\" width=\"612\" height=\"400\" src=\"https:\/\/translationoffice.rs\/wp-content\/uploads\/2022\/08\/ita-foto-2.jpg\" alt=\"\" class=\"wp-image-1931\" srcset=\"https:\/\/translationoffice.rs\/wp-content\/uploads\/2022\/08\/ita-foto-2.jpg 612w, https:\/\/translationoffice.rs\/wp-content\/uploads\/2022\/08\/ita-foto-2-300x196.jpg 300w, https:\/\/translationoffice.rs\/wp-content\/uploads\/2022\/08\/ita-foto-2-18x12.jpg 18w, https:\/\/translationoffice.rs\/wp-content\/uploads\/2022\/08\/ita-foto-2-600x392.jpg 600w\" sizes=\"auto, (max-width: 612px) 100vw, 612px\" \/><figcaption class=\"wp-element-caption\">Summer holidays in Italy<\/figcaption><\/figure>\n\n\n\n<p class=\"wp-block-paragraph\">Uz predivne motivacione fotografije Italije nastavljamo dalje.<\/p>\n\n\n\n<p class=\"wp-block-paragraph\">Posledi\u010dna re\u010denica pokazuje posledicu ili efekat radnje izra\u017eene u glavnoj re\u010denici. Veznici: <strong>in modo che, cos\u00ec <\/strong>&#8230; <strong>che, tanto<\/strong> &#8230;. <strong>che.<\/strong> U njima mo\u017ee biti konjunktiv, ali i indikativ.<\/p>\n\n\n\n<p class=\"wp-block-paragraph\">L\u2019oratore parlava forte <strong>in modo che<\/strong> tutti&nbsp;potessero&nbsp;sentirlo bene. Govornik je govorio glasno, tako da su ga svi mogli \u010duti.<\/p>\n\n\n\n<p class=\"wp-block-paragraph\">Le acque del lago erano <strong>cos\u00ec <\/strong>calme <strong>che<\/strong> le montagne circostanti vi si riflettevano.&nbsp;<\/p>\n\n\n\n<p class=\"wp-block-paragraph\">Ero <strong>tanto<\/strong> commosso <strong>che<\/strong> non potevo parlare.<\/p>\n\n\n\n<p class=\"wp-block-paragraph\"><\/p>\n\n\n\n<p class=\"wp-block-paragraph\">Implicitna konstrukcija sa infinitivom: <strong>cos\u00ec da, tanto da.<\/strong><\/p>\n\n\n\n<p class=\"wp-block-paragraph\">Era <strong>cos\u00ec<\/strong> stanco <strong>da<\/strong> non reggersi in piedi. Bio je toliko umoran da nije mogao da stoji na nogama.<\/p>\n\n\n\n<p class=\"wp-block-paragraph\">Ero <strong>tanto<\/strong> commosso <strong>da<\/strong> non poter parlare.<\/p>\n\n\n\n<h3 class=\"wp-block-heading\"><strong>Isklju\u010dne re\u010denice (Proposizioni eccettuative)<\/strong><\/h3>\n\n\n\n<p class=\"wp-block-paragraph\">izra\u017eavaju izuzetnu okolnost koja ako se izuzme bi\u0107e ta\u010dno ono \u0161to je izra\u017eeno glavnom re\u010denicom. Veznici koji uvode konjunktiv: <strong>eccetto che, tranne che, a meno che,<\/strong> <strong>sennonch\u00e9, &nbsp;salvo che &nbsp;i sl. <\/strong>Veznike prevodimo sa<strong> osim \u0161to\/da.<\/strong><\/p>\n\n\n\n<p class=\"wp-block-paragraph\">Accetter\u00f2 tutto<strong> tranne che<\/strong> mi insulti. Prihvati\u0107u sve osim da me uvredi.<\/p>\n\n\n\n<p class=\"wp-block-paragraph\">Verrei volentieri, <strong>a meno che<\/strong> tu non abbia qualcosa in contrario. Rado \u0107u do\u0107i, osim ako nema\u0161 ne\u0161to protiv.<\/p>\n\n\n\n<p class=\"wp-block-paragraph\">Implicitne isklju\u010dne re\u010denice moraju obavezno imati isti subjekat kao uvodna (glavna) re\u010denica i posle njih sledi infinitiv. Uvode ih veznici <strong>fuorch\u00e9, che, a meno di.<\/strong><\/p>\n\n\n\n<p class=\"wp-block-paragraph\">Non vi resta <strong>che<\/strong> accettare. Ni\u0161ta vam drugo ne ostaje nego da prihvatite.<\/p>\n\n\n\n<p class=\"wp-block-paragraph\">Chiedimi tutto <strong>fuorch\u00e9<\/strong> lavare i piatti. Sve mi tra\u017ei osim da operem sudove.<\/p>\n\n\n\n<p class=\"wp-block-paragraph\"><strong>A meno di<\/strong> ammalarmi, verr\u00f2 sicuramente. Sigurno \u0107u do\u0107i, osim ako se razbolim.<\/p>\n\n\n\n<p class=\"wp-block-paragraph\">Veznik <strong>senza che<\/strong> tako\u0111e uvodi konjunktiv: &nbsp;<\/p>\n\n\n\n<p class=\"wp-block-paragraph\">Se n\u2019\u00e8 andato&nbsp;<strong><em>senza che<\/em><\/strong>&nbsp;l\u2019avessimo salutato. Oti\u0161ao je, a da ga nismo pozdravili.<\/p>\n<\/div>\n<\/div>\n\n\n\n<div class=\"wp-block-columns is-layout-flex wp-container-core-columns-is-layout-7387b849 wp-block-columns-is-layout-flex\">\n<div class=\"wp-block-column is-layout-flow wp-block-column-is-layout-flow\" style=\"flex-basis:100%\">\n<div class=\"wp-block-columns is-layout-flex wp-container-core-columns-is-layout-7387b849 wp-block-columns-is-layout-flex\">\n<div class=\"wp-block-column is-layout-flow wp-block-column-is-layout-flow\" style=\"flex-basis:33.33%\">\n<h3 class=\"wp-block-heading\"><strong>Relativne re\u010denice (Proposizioni relative)<\/strong><\/h3>\n\n\n\n<p class=\"wp-block-paragraph\">U relativnim re\u010denicama konjunktiv se javlja u slu\u010dajevima kada:<\/p>\n\n\n\n<ol class=\"wp-block-list\" style=\"list-style-type:1\">\n<li>Relativna re\u010denica izra\u017eava neku <strong>\u017eeljenu osobinu<\/strong>:<\/li>\n<\/ol>\n\n\n\n<p class=\"wp-block-paragraph\">Cerco una segretaria <strong>che parli<\/strong> benissimo l`inglese. Tra\u017eim sekretaricu koja odli\u010dno govori engleski jezik.<\/p>\n\n\n\n<ul class=\"wp-block-list\">\n<li>Posle superlativa:<\/li>\n<\/ul>\n\n\n\n<p class=\"wp-block-paragraph\">Maria \u00e8 <strong>la pi\u00f9 bella ragazza che<\/strong> lui abbia mai visto. Marija je najlep\u0161a devojka koju je ikada video.<\/p>\n\n\n\n<ul class=\"wp-block-list\">\n<li>Posle prideva superlativnog zna\u010denja <strong>primo, ultimo, unico<\/strong><strong>:<\/strong><strong><\/strong><\/li>\n<\/ul>\n\n\n\n<p class=\"wp-block-paragraph\"><strong>L\u2019ultimo film che<\/strong> abbia fatto quel regista mi \u00e8 piaciuto moltissimo.<\/p>\n\n\n\n<ul class=\"wp-block-list\">\n<li>Posle negacije:<\/li>\n<\/ul>\n\n\n\n<p class=\"wp-block-paragraph\"><strong>Non c`\u00e8 nessuno che<\/strong> mi possa aiutare. Nema nikoga ko mi mo\u017ee pomo\u0107i.<\/p>\n<\/div>\n\n\n\n<div class=\"wp-block-column is-layout-flow wp-block-column-is-layout-flow\" style=\"flex-basis:66.66%\">\n<figure class=\"wp-block-image size-full\"><img loading=\"lazy\" decoding=\"async\" width=\"612\" height=\"408\" src=\"https:\/\/translationoffice.rs\/wp-content\/uploads\/2022\/08\/ita-foto-1-1.jpg\" alt=\"\" class=\"wp-image-1933\" srcset=\"https:\/\/translationoffice.rs\/wp-content\/uploads\/2022\/08\/ita-foto-1-1.jpg 612w, https:\/\/translationoffice.rs\/wp-content\/uploads\/2022\/08\/ita-foto-1-1-300x200.jpg 300w, https:\/\/translationoffice.rs\/wp-content\/uploads\/2022\/08\/ita-foto-1-1-18x12.jpg 18w, https:\/\/translationoffice.rs\/wp-content\/uploads\/2022\/08\/ita-foto-1-1-600x400.jpg 600w\" sizes=\"auto, (max-width: 612px) 100vw, 612px\" \/><figcaption class=\"wp-element-caption\"> Cinque Terre<\/figcaption><\/figure>\n\n\n\n<p class=\"wp-block-paragraph\"><\/p>\n\n\n\n<p class=\"wp-block-paragraph\"><\/p>\n\n\n\n<p class=\"wp-block-paragraph\"><\/p>\n<\/div>\n<\/div>\n<\/div>\n<\/div>\n\n\n\n<p class=\"wp-block-paragraph\"><\/p>\n\n\n\n<div class=\"wp-block-columns is-layout-flex wp-container-core-columns-is-layout-7387b849 wp-block-columns-is-layout-flex\">\n<div class=\"wp-block-column is-layout-flow wp-block-column-is-layout-flow\" style=\"flex-basis:66.66%\">\n<h3 class=\"wp-block-heading\"><strong>Vremenska re\u010denica<\/strong> (Proposizione temporale)<\/h3>\n\n\n\n<p class=\"wp-block-paragraph\">Veznik <strong>PRIMA CHE<\/strong> uvodi konjunktiv (prezenta ili imperfekta):<\/p>\n\n\n\n<p class=\"wp-block-paragraph\">Paolo \u00e8 uscito <strong>prima che<\/strong> venissero i suoi genitori. Paolo je iza\u0161ao pre nego \u0161to su do\u0161li njegovi roditelji.<\/p>\n\n\n\n<p class=\"wp-block-paragraph\"><strong>Prima che<\/strong> mi veda la mamma, mangio tutti i cioccolatini. Poje\u0161\u0107u sve \u010dokoladice pre nego \u0161to me mama vidi.<\/p>\n\n\n\n<p class=\"wp-block-paragraph\">Implicitnu kostrukciju uvodi <strong>PRIMA DI+infinitiv<\/strong> i, naravno, subjekat je isti:<\/p>\n\n\n\n<p class=\"wp-block-paragraph\"><strong>Prima di<\/strong> andare a scuola, mangio sempre. Pre nego \u0161to odem u \u0161kolu, uvek jedem.<\/p>\n<\/div>\n\n\n\n<div class=\"wp-block-column is-layout-flow wp-block-column-is-layout-flow\" style=\"flex-basis:33.33%\">\n<figure class=\"wp-block-image size-full\"><img loading=\"lazy\" decoding=\"async\" width=\"612\" height=\"381\" src=\"https:\/\/translationoffice.rs\/wp-content\/uploads\/2022\/08\/ita-foto-3.jpg\" alt=\"\" class=\"wp-image-1934\" srcset=\"https:\/\/translationoffice.rs\/wp-content\/uploads\/2022\/08\/ita-foto-3.jpg 612w, https:\/\/translationoffice.rs\/wp-content\/uploads\/2022\/08\/ita-foto-3-300x187.jpg 300w, https:\/\/translationoffice.rs\/wp-content\/uploads\/2022\/08\/ita-foto-3-18x12.jpg 18w, https:\/\/translationoffice.rs\/wp-content\/uploads\/2022\/08\/ita-foto-3-600x374.jpg 600w\" sizes=\"auto, (max-width: 612px) 100vw, 612px\" \/><figcaption class=\"wp-element-caption\">Basilica di Santa Maria della Salute and Canale Grande in Venice, Italy<\/figcaption><\/figure>\n<\/div>\n<\/div>\n\n\n\n<div class=\"wp-block-columns is-layout-flex wp-container-core-columns-is-layout-7387b849 wp-block-columns-is-layout-flex\">\n<div class=\"wp-block-column is-layout-flow wp-block-column-is-layout-flow\" style=\"flex-basis:33.33%\">\n<figure class=\"wp-block-image size-full\"><img loading=\"lazy\" decoding=\"async\" width=\"612\" height=\"470\" src=\"https:\/\/translationoffice.rs\/wp-content\/uploads\/2022\/08\/ita-foto-4.jpg\" alt=\"\" class=\"wp-image-1936\" srcset=\"https:\/\/translationoffice.rs\/wp-content\/uploads\/2022\/08\/ita-foto-4.jpg 612w, https:\/\/translationoffice.rs\/wp-content\/uploads\/2022\/08\/ita-foto-4-300x230.jpg 300w, https:\/\/translationoffice.rs\/wp-content\/uploads\/2022\/08\/ita-foto-4-16x12.jpg 16w, https:\/\/translationoffice.rs\/wp-content\/uploads\/2022\/08\/ita-foto-4-600x461.jpg 600w\" sizes=\"auto, (max-width: 612px) 100vw, 612px\" \/><figcaption class=\"wp-element-caption\">Colosseum in Rome, Italy <\/figcaption><\/figure>\n<\/div>\n\n\n\n<div class=\"wp-block-column is-layout-flow wp-block-column-is-layout-flow\" style=\"flex-basis:66.66%\">\n<p class=\"wp-block-paragraph\"><strong>Komparativne re\u010denice <\/strong>uvedene su sa<strong> di quanto + konjunktiv. <\/strong><strong><\/strong><\/p>\n\n\n\n<p class=\"wp-block-paragraph\">Le cose sono andate meglio<strong> di quanto <\/strong>aspettassimo. Stvari su se odvijale bolje nego \u0161to smo o\u010dekivali.<\/p>\n\n\n\n<p class=\"wp-block-paragraph\">Luigi \u00e8 pi\u00f9 bravo <strong>di quanto<\/strong> pensassi. Lui\u0111i je bolji nego \u0161to misli\u0161.<\/p>\n\n\n\n<p class=\"wp-block-paragraph\"><strong>Uzro\u010dne re\u010denice<\/strong> zahtevaju konjunktiv u slu\u010daju da pokazuju la\u017eni uzrok odnosno kada su uvedene sa <strong>NON PERCH\u00c8&#8230;+ KONJUNKTIV:<\/strong><\/p>\n\n\n\n<p class=\"wp-block-paragraph\">&#8211; Studio l\u2019italiano <strong>non perch\u00e8 <\/strong>mi piaccia la letteratura italiana, ma perch\u00e8 voglio cantare le canzoni italiane. U\u010dim italijanski jezik ne zato \u0161to mi se dopada italijanska knji\u017eevnost, ve\u0107 zato \u0161to \u017eelim da pevam italijanske pesme.<\/p>\n<\/div>\n<\/div>\n\n\n\n<p class=\"wp-block-paragraph\">Podse\u0107amo vas na izreku <strong><em>Koliko jezika govori\u0161, toliko ljudi vredi\u0161!<\/em> <\/strong>Istina je. Nov jezik otvara vam vrata druga\u010dijeg pogleda na \u017eivot. Pogleda koji bi vam mogao uliti hrabrost onda kada je mo\u017eda nemate, ili samopouzdanje, odva\u017enost, entuzijazam, otvoren pogled na novine, \u0161iru svest&#8230;. Ono \u0161to je u jednom dru\u0161tvu normalno i uobi\u010dajeno u drugom je mo\u017eda tabu. Svakako, u\u010de\u0107i jezik u\u010dimo i o kulturi, civilizaciji, na\u010dinu razmi\u0161ljanja stanovnika te zemlje. U na\u0161em slu\u010daju predivne Italije.<\/p>\n\n\n\n<h2 class=\"wp-block-heading\">Podse\u0107amo: potrebne su vam re\u010di da biste komunicirali<\/h2>\n\n\n\n<p class=\"wp-block-paragraph\">Kada je u pitanju u\u010denje novog jezika, lepo je znati gramati\u010dka pravila, i korisno, ali su vam potrebne i re\u010di da biste komunicirali. Nemojte oklevati da nau\u010dite nov jezik samo zato \u0161to vam se mo\u017eda ideja o u\u010denju potpuno novog skupa re\u010di \u010dini prete\u0161kom. To nije istina! U na\u0161im prethodnim \u010dlancima delili smo sa vama vokabular  <a href=\"https:\/\/translationoffice.rs\/it\/ucimo-italijanski-jezik-uz-muziku\/\">https:\/\/translationoffice.rs\/ucimo-italijanski-jezik-uz-muziku\/<\/a>, <a href=\"https:\/\/translationoffice.rs\/it\/bogatstvo-jezika\/\">https:\/\/translationoffice.rs\/bogatstvo-jezika\/<\/a> i predloge o tome kako u\u010diti italijanski jezik. Jo\u0161 \u0107emo govoriti o tome i davati vam savete u narednim \u010dlancima. Kroz rad sa u\u010denicima, posebno sa ljudima kojima je prvi suret sa italijanskim jezikom, uvideli smo da je mnogima potrebna podr\u0161ka i da ne znaju kako najbolje da u\u010de. <\/p>\n\n\n\n<p class=\"wp-block-paragraph\">Ovde \u0107u iskorisiti priliku da vas uputim na sjajan you tube kanal gde imate pristup zajednici u\u010denika italijanskog jezika, razmeni iskustava i mno\u0161tvu korisnih saveta: <a href=\"https:\/\/www.youtube.com\/watch?v=Y-wjUh522Uw&amp;ab_channel=Imparal%27ItalianoconItalianoAutomatico\">https:\/\/www.youtube.com\/watch?v=Y-wjUh522Uw&amp;ab_channel=Imparal%27ItalianoconItalianoAutomatico<\/a>.<\/p>\n\n\n\n<p class=\"wp-block-paragraph\">Ne propustite priliku da ih zapratite!<\/p>\n\n\n\n<p class=\"wp-block-paragraph\">Podse\u0107amo vas da smo dostupni za sva va\u0161a pitanja. Mo\u017eete nas kontaktirati na <a href=\"https:\/\/translationoffice.rs\/it\/kontakt\/\">https:\/\/translationoffice.rs\/kontakt\/<\/a>. <\/p>\n\n\n\n<p class=\"wp-block-paragraph\">Radova\u0107e nas da vas podr\u017eimo na va\u0161em putu ka uspehu! \u2764<\/p>","protected":false},"excerpt":{"rendered":"<p>Dragi na\u0161i, ovim \u010dlankom nadovezujemo se na prvi \u010dlanak o konjunktivu. Nastavljamo sa predstavljanjem zavisnih re\u010denica u kojima je obavezan konjunktiv uz odre\u0111ene veznike. Podseti\u0107emo vas da pojedini veznici zahtevaju konjunktiv u namernim, dopusnim, uzro\u010dnim (odre\u0111eni slu\u010dajevi), isklju\u010dnim, vremenskim, kondicionalnim i relativnim re\u010denicama (iza superlativa kod relativnih). U prvom \u010dlanku \/https:\/\/translationoffice.rs\/konjunktiv-u-italijanskom-jeziku\/ predstavili smo namerne i &hellip;<\/p>\n<p class=\"read-more\"> <a class=\"\" href=\"https:\/\/translationoffice.rs\/it\/upotreba-konjunktiva-u-zavisnim-recenicama\/\"> <span class=\"screen-reader-text\">Upotreba konjunktiva u zavisnim re\u010denicama<\/span> Leggi altro &raquo;<\/a><\/p>","protected":false},"author":2,"featured_media":1930,"comment_status":"open","ping_status":"open","sticky":false,"template":"","format":"standard","meta":{"om_disable_all_campaigns":false,"_monsterinsights_skip_tracking":false,"site-sidebar-layout":"default","site-content-layout":"default","ast-global-header-display":"","ast-main-header-display":"","ast-hfb-above-header-display":"","ast-hfb-below-header-display":"","ast-hfb-mobile-header-display":"","site-post-title":"","ast-breadcrumbs-content":"","ast-featured-img":"","footer-sml-layout":"","theme-transparent-header-meta":"default","adv-header-id-meta":"","stick-header-meta":"","header-above-stick-meta":"","header-main-stick-meta":"","header-below-stick-meta":"","footnotes":""},"categories":[1],"tags":[44,36,39,50,51],"class_list":["post-1929","post","type-post","status-publish","format-standard","has-post-thumbnail","hentry","category-uncategorized","tag-italija","tag-italijanski","tag-kurs-italijanskog","tag-kursevi-jezika","tag-prevodjenje-na-italijanski"],"yoast_head":"<!-- This site is optimized with the Yoast SEO plugin v21.7 - https:\/\/yoast.com\/wordpress\/plugins\/seo\/ -->\n<title>Upotreba konjunktiva u zavisnim re\u010denicama - translationoffice<\/title>\n<meta name=\"description\" content=\"Nastavljamo sa predstavljanjem zavisnih re\u010denica u kojima je obavezan konjunktiv uz odre\u0111ene veznike. Podseti\u0107emo vas da pojedini veznici zahtevaju konjunktiv u namernim, dopusnim, uzro\u010dnim (odre\u0111eni slu\u010dajevi), isklju\u010dnim, vremenskim, kondicionalnim i relativnim re\u010denicama (iza superlativa kod relativnih).\" \/>\n<meta name=\"robots\" content=\"index, follow, max-snippet:-1, max-image-preview:large, max-video-preview:-1\" \/>\n<link rel=\"canonical\" href=\"https:\/\/translationoffice.rs\/it\/upotreba-konjunktiva-u-zavisnim-recenicama\/\" \/>\n<meta property=\"og:locale\" content=\"it_IT\" \/>\n<meta property=\"og:type\" content=\"article\" \/>\n<meta property=\"og:title\" content=\"Upotreba konjunktiva u zavisnim re\u010denicama - translationoffice\" \/>\n<meta property=\"og:description\" content=\"Nastavljamo sa predstavljanjem zavisnih re\u010denica u kojima je obavezan konjunktiv uz odre\u0111ene veznike. Podseti\u0107emo vas da pojedini veznici zahtevaju konjunktiv u namernim, dopusnim, uzro\u010dnim (odre\u0111eni slu\u010dajevi), isklju\u010dnim, vremenskim, kondicionalnim i relativnim re\u010denicama (iza superlativa kod relativnih).\" \/>\n<meta property=\"og:url\" content=\"https:\/\/translationoffice.rs\/it\/upotreba-konjunktiva-u-zavisnim-recenicama\/\" \/>\n<meta property=\"og:site_name\" content=\"translationoffice\" \/>\n<meta property=\"article:publisher\" content=\"https:\/\/www.facebook.com\/translation.office.italian\/\" \/>\n<meta property=\"article:published_time\" content=\"2022-08-02T19:27:04+00:00\" \/>\n<meta property=\"article:modified_time\" content=\"2023-12-24T21:54:07+00:00\" \/>\n<meta property=\"og:image\" content=\"https:\/\/translationoffice.rs\/wp-content\/uploads\/2022\/08\/konjunktiv-u-zavisnim-recenicama.png\" \/>\n\t<meta property=\"og:image:width\" content=\"1587\" \/>\n\t<meta property=\"og:image:height\" content=\"2245\" \/>\n\t<meta property=\"og:image:type\" content=\"image\/png\" \/>\n<meta name=\"author\" content=\"milena torbica\" \/>\n<meta name=\"twitter:card\" content=\"summary_large_image\" \/>\n<meta name=\"twitter:label1\" content=\"Scritto da\" \/>\n\t<meta name=\"twitter:data1\" content=\"milena torbica\" \/>\n\t<meta name=\"twitter:label2\" content=\"Tempo di lettura stimato\" \/>\n\t<meta name=\"twitter:data2\" content=\"6 minuti\" \/>\n<script type=\"application\/ld+json\" class=\"yoast-schema-graph\">{\"@context\":\"https:\/\/schema.org\",\"@graph\":[{\"@type\":\"Article\",\"@id\":\"https:\/\/translationoffice.rs\/upotreba-konjunktiva-u-zavisnim-recenicama\/#article\",\"isPartOf\":{\"@id\":\"https:\/\/translationoffice.rs\/upotreba-konjunktiva-u-zavisnim-recenicama\/\"},\"author\":{\"name\":\"milena torbica\",\"@id\":\"https:\/\/translationoffice.rs\/#\/schema\/person\/3a27dc84e75714fdea26ec52629676c4\"},\"headline\":\"Upotreba konjunktiva u zavisnim re\u010denicama\",\"datePublished\":\"2022-08-02T19:27:04+00:00\",\"dateModified\":\"2023-12-24T21:54:07+00:00\",\"mainEntityOfPage\":{\"@id\":\"https:\/\/translationoffice.rs\/upotreba-konjunktiva-u-zavisnim-recenicama\/\"},\"wordCount\":1154,\"commentCount\":0,\"publisher\":{\"@id\":\"https:\/\/translationoffice.rs\/#organization\"},\"keywords\":[\"italija\",\"italijanski\",\"kurs italijanskog\",\"kursevi jezika\",\"prevo\u0111enje na italijanski\"],\"articleSection\":[\"Uncategorized\"],\"inLanguage\":\"it-IT\",\"potentialAction\":[{\"@type\":\"CommentAction\",\"name\":\"Comment\",\"target\":[\"https:\/\/translationoffice.rs\/upotreba-konjunktiva-u-zavisnim-recenicama\/#respond\"]}]},{\"@type\":\"WebPage\",\"@id\":\"https:\/\/translationoffice.rs\/upotreba-konjunktiva-u-zavisnim-recenicama\/\",\"url\":\"https:\/\/translationoffice.rs\/upotreba-konjunktiva-u-zavisnim-recenicama\/\",\"name\":\"Upotreba konjunktiva u zavisnim re\u010denicama - translationoffice\",\"isPartOf\":{\"@id\":\"https:\/\/translationoffice.rs\/#website\"},\"datePublished\":\"2022-08-02T19:27:04+00:00\",\"dateModified\":\"2023-12-24T21:54:07+00:00\",\"description\":\"Nastavljamo sa predstavljanjem zavisnih re\u010denica u kojima je obavezan konjunktiv uz odre\u0111ene veznike. Podseti\u0107emo vas da pojedini veznici zahtevaju konjunktiv u namernim, dopusnim, uzro\u010dnim (odre\u0111eni slu\u010dajevi), isklju\u010dnim, vremenskim, kondicionalnim i relativnim re\u010denicama (iza superlativa kod relativnih).\",\"breadcrumb\":{\"@id\":\"https:\/\/translationoffice.rs\/upotreba-konjunktiva-u-zavisnim-recenicama\/#breadcrumb\"},\"inLanguage\":\"it-IT\",\"potentialAction\":[{\"@type\":\"ReadAction\",\"target\":[\"https:\/\/translationoffice.rs\/upotreba-konjunktiva-u-zavisnim-recenicama\/\"]}]},{\"@type\":\"BreadcrumbList\",\"@id\":\"https:\/\/translationoffice.rs\/upotreba-konjunktiva-u-zavisnim-recenicama\/#breadcrumb\",\"itemListElement\":[{\"@type\":\"ListItem\",\"position\":1,\"name\":\"Home\",\"item\":\"https:\/\/translationoffice.rs\/\"},{\"@type\":\"ListItem\",\"position\":2,\"name\":\"Upotreba konjunktiva u zavisnim re\u010denicama\"}]},{\"@type\":\"WebSite\",\"@id\":\"https:\/\/translationoffice.rs\/#website\",\"url\":\"https:\/\/translationoffice.rs\/\",\"name\":\"translationoffice\",\"description\":\"prevodilacka agencija, kursevi jezika\",\"publisher\":{\"@id\":\"https:\/\/translationoffice.rs\/#organization\"},\"potentialAction\":[{\"@type\":\"SearchAction\",\"target\":{\"@type\":\"EntryPoint\",\"urlTemplate\":\"https:\/\/translationoffice.rs\/?s={search_term_string}\"},\"query-input\":\"required name=search_term_string\"}],\"inLanguage\":\"it-IT\"},{\"@type\":\"Organization\",\"@id\":\"https:\/\/translationoffice.rs\/#organization\",\"name\":\"Translationoffice\",\"url\":\"https:\/\/translationoffice.rs\/\",\"logo\":{\"@type\":\"ImageObject\",\"inLanguage\":\"it-IT\",\"@id\":\"https:\/\/translationoffice.rs\/#\/schema\/logo\/image\/\",\"url\":\"https:\/\/translationoffice.rs\/wp-content\/uploads\/2021\/04\/Color-logo-no-background.png\",\"contentUrl\":\"https:\/\/translationoffice.rs\/wp-content\/uploads\/2021\/04\/Color-logo-no-background.png\",\"width\":3162,\"height\":735,\"caption\":\"Translationoffice\"},\"image\":{\"@id\":\"https:\/\/translationoffice.rs\/#\/schema\/logo\/image\/\"},\"sameAs\":[\"https:\/\/www.facebook.com\/translation.office.italian\/\",\"https:\/\/www.linkedin.com\/in\/translation-office-6157a8208\/\"]},{\"@type\":\"Person\",\"@id\":\"https:\/\/translationoffice.rs\/#\/schema\/person\/3a27dc84e75714fdea26ec52629676c4\",\"name\":\"milena torbica\",\"image\":{\"@type\":\"ImageObject\",\"inLanguage\":\"it-IT\",\"@id\":\"https:\/\/translationoffice.rs\/#\/schema\/person\/image\/\",\"url\":\"https:\/\/secure.gravatar.com\/avatar\/a587d582375a55fde0fd94e51aadd91794da88d09ad9104ad767afc46f195583?s=96&d=mm&r=g\",\"contentUrl\":\"https:\/\/secure.gravatar.com\/avatar\/a587d582375a55fde0fd94e51aadd91794da88d09ad9104ad767afc46f195583?s=96&d=mm&r=g\",\"caption\":\"milena torbica\"},\"url\":\"https:\/\/translationoffice.rs\/it\/author\/mimiloradovic\/\"}]}<\/script>\n<!-- \/ Yoast SEO plugin. -->","yoast_head_json":{"title":"Upotreba konjunktiva u zavisnim re\u010denicama - translationoffice","description":"Nastavljamo sa predstavljanjem zavisnih re\u010denica u kojima je obavezan konjunktiv uz odre\u0111ene veznike. Podseti\u0107emo vas da pojedini veznici zahtevaju konjunktiv u namernim, dopusnim, uzro\u010dnim (odre\u0111eni slu\u010dajevi), isklju\u010dnim, vremenskim, kondicionalnim i relativnim re\u010denicama (iza superlativa kod relativnih).","robots":{"index":"index","follow":"follow","max-snippet":"max-snippet:-1","max-image-preview":"max-image-preview:large","max-video-preview":"max-video-preview:-1"},"canonical":"https:\/\/translationoffice.rs\/it\/upotreba-konjunktiva-u-zavisnim-recenicama\/","og_locale":"it_IT","og_type":"article","og_title":"Upotreba konjunktiva u zavisnim re\u010denicama - translationoffice","og_description":"Nastavljamo sa predstavljanjem zavisnih re\u010denica u kojima je obavezan konjunktiv uz odre\u0111ene veznike. Podseti\u0107emo vas da pojedini veznici zahtevaju konjunktiv u namernim, dopusnim, uzro\u010dnim (odre\u0111eni slu\u010dajevi), isklju\u010dnim, vremenskim, kondicionalnim i relativnim re\u010denicama (iza superlativa kod relativnih).","og_url":"https:\/\/translationoffice.rs\/it\/upotreba-konjunktiva-u-zavisnim-recenicama\/","og_site_name":"translationoffice","article_publisher":"https:\/\/www.facebook.com\/translation.office.italian\/","article_published_time":"2022-08-02T19:27:04+00:00","article_modified_time":"2023-12-24T21:54:07+00:00","og_image":[{"width":1587,"height":2245,"url":"https:\/\/translationoffice.rs\/wp-content\/uploads\/2022\/08\/konjunktiv-u-zavisnim-recenicama.png","type":"image\/png"}],"author":"milena torbica","twitter_card":"summary_large_image","twitter_misc":{"Scritto da":"milena torbica","Tempo di lettura stimato":"6 minuti"},"schema":{"@context":"https:\/\/schema.org","@graph":[{"@type":"Article","@id":"https:\/\/translationoffice.rs\/upotreba-konjunktiva-u-zavisnim-recenicama\/#article","isPartOf":{"@id":"https:\/\/translationoffice.rs\/upotreba-konjunktiva-u-zavisnim-recenicama\/"},"author":{"name":"milena torbica","@id":"https:\/\/translationoffice.rs\/#\/schema\/person\/3a27dc84e75714fdea26ec52629676c4"},"headline":"Upotreba konjunktiva u zavisnim re\u010denicama","datePublished":"2022-08-02T19:27:04+00:00","dateModified":"2023-12-24T21:54:07+00:00","mainEntityOfPage":{"@id":"https:\/\/translationoffice.rs\/upotreba-konjunktiva-u-zavisnim-recenicama\/"},"wordCount":1154,"commentCount":0,"publisher":{"@id":"https:\/\/translationoffice.rs\/#organization"},"keywords":["italija","italijanski","kurs italijanskog","kursevi jezika","prevo\u0111enje na italijanski"],"articleSection":["Uncategorized"],"inLanguage":"it-IT","potentialAction":[{"@type":"CommentAction","name":"Comment","target":["https:\/\/translationoffice.rs\/upotreba-konjunktiva-u-zavisnim-recenicama\/#respond"]}]},{"@type":"WebPage","@id":"https:\/\/translationoffice.rs\/upotreba-konjunktiva-u-zavisnim-recenicama\/","url":"https:\/\/translationoffice.rs\/upotreba-konjunktiva-u-zavisnim-recenicama\/","name":"Upotreba konjunktiva u zavisnim re\u010denicama - translationoffice","isPartOf":{"@id":"https:\/\/translationoffice.rs\/#website"},"datePublished":"2022-08-02T19:27:04+00:00","dateModified":"2023-12-24T21:54:07+00:00","description":"Nastavljamo sa predstavljanjem zavisnih re\u010denica u kojima je obavezan konjunktiv uz odre\u0111ene veznike. Podseti\u0107emo vas da pojedini veznici zahtevaju konjunktiv u namernim, dopusnim, uzro\u010dnim (odre\u0111eni slu\u010dajevi), isklju\u010dnim, vremenskim, kondicionalnim i relativnim re\u010denicama (iza superlativa kod relativnih).","breadcrumb":{"@id":"https:\/\/translationoffice.rs\/upotreba-konjunktiva-u-zavisnim-recenicama\/#breadcrumb"},"inLanguage":"it-IT","potentialAction":[{"@type":"ReadAction","target":["https:\/\/translationoffice.rs\/upotreba-konjunktiva-u-zavisnim-recenicama\/"]}]},{"@type":"BreadcrumbList","@id":"https:\/\/translationoffice.rs\/upotreba-konjunktiva-u-zavisnim-recenicama\/#breadcrumb","itemListElement":[{"@type":"ListItem","position":1,"name":"Home","item":"https:\/\/translationoffice.rs\/"},{"@type":"ListItem","position":2,"name":"Upotreba konjunktiva u zavisnim re\u010denicama"}]},{"@type":"WebSite","@id":"https:\/\/translationoffice.rs\/#website","url":"https:\/\/translationoffice.rs\/","name":"translationoffice","description":"prevodilacka agencija, kursevi jezika","publisher":{"@id":"https:\/\/translationoffice.rs\/#organization"},"potentialAction":[{"@type":"SearchAction","target":{"@type":"EntryPoint","urlTemplate":"https:\/\/translationoffice.rs\/?s={search_term_string}"},"query-input":"required name=search_term_string"}],"inLanguage":"it-IT"},{"@type":"Organization","@id":"https:\/\/translationoffice.rs\/#organization","name":"Translationoffice","url":"https:\/\/translationoffice.rs\/","logo":{"@type":"ImageObject","inLanguage":"it-IT","@id":"https:\/\/translationoffice.rs\/#\/schema\/logo\/image\/","url":"https:\/\/translationoffice.rs\/wp-content\/uploads\/2021\/04\/Color-logo-no-background.png","contentUrl":"https:\/\/translationoffice.rs\/wp-content\/uploads\/2021\/04\/Color-logo-no-background.png","width":3162,"height":735,"caption":"Translationoffice"},"image":{"@id":"https:\/\/translationoffice.rs\/#\/schema\/logo\/image\/"},"sameAs":["https:\/\/www.facebook.com\/translation.office.italian\/","https:\/\/www.linkedin.com\/in\/translation-office-6157a8208\/"]},{"@type":"Person","@id":"https:\/\/translationoffice.rs\/#\/schema\/person\/3a27dc84e75714fdea26ec52629676c4","name":"milena torbica","image":{"@type":"ImageObject","inLanguage":"it-IT","@id":"https:\/\/translationoffice.rs\/#\/schema\/person\/image\/","url":"https:\/\/secure.gravatar.com\/avatar\/a587d582375a55fde0fd94e51aadd91794da88d09ad9104ad767afc46f195583?s=96&d=mm&r=g","contentUrl":"https:\/\/secure.gravatar.com\/avatar\/a587d582375a55fde0fd94e51aadd91794da88d09ad9104ad767afc46f195583?s=96&d=mm&r=g","caption":"milena torbica"},"url":"https:\/\/translationoffice.rs\/it\/author\/mimiloradovic\/"}]}},"_links":{"self":[{"href":"https:\/\/translationoffice.rs\/it\/wp-json\/wp\/v2\/posts\/1929","targetHints":{"allow":["GET"]}}],"collection":[{"href":"https:\/\/translationoffice.rs\/it\/wp-json\/wp\/v2\/posts"}],"about":[{"href":"https:\/\/translationoffice.rs\/it\/wp-json\/wp\/v2\/types\/post"}],"author":[{"embeddable":true,"href":"https:\/\/translationoffice.rs\/it\/wp-json\/wp\/v2\/users\/2"}],"replies":[{"embeddable":true,"href":"https:\/\/translationoffice.rs\/it\/wp-json\/wp\/v2\/comments?post=1929"}],"version-history":[{"count":3,"href":"https:\/\/translationoffice.rs\/it\/wp-json\/wp\/v2\/posts\/1929\/revisions"}],"predecessor-version":[{"id":3628,"href":"https:\/\/translationoffice.rs\/it\/wp-json\/wp\/v2\/posts\/1929\/revisions\/3628"}],"wp:featuredmedia":[{"embeddable":true,"href":"https:\/\/translationoffice.rs\/it\/wp-json\/wp\/v2\/media\/1930"}],"wp:attachment":[{"href":"https:\/\/translationoffice.rs\/it\/wp-json\/wp\/v2\/media?parent=1929"}],"wp:term":[{"taxonomy":"category","embeddable":true,"href":"https:\/\/translationoffice.rs\/it\/wp-json\/wp\/v2\/categories?post=1929"},{"taxonomy":"post_tag","embeddable":true,"href":"https:\/\/translationoffice.rs\/it\/wp-json\/wp\/v2\/tags?post=1929"}],"curies":[{"name":"wp","href":"https:\/\/api.w.org\/{rel}","templated":true}]}}